{"id":458,"date":"2024-12-13T10:04:32","date_gmt":"2024-12-13T09:04:32","guid":{"rendered":"http:\/\/ufmass.eu\/?p=458"},"modified":"2025-02-14T15:02:25","modified_gmt":"2025-02-14T14:02:25","slug":"congres-sfsp-2025-sante-mentale-publique","status":"publish","type":"post","link":"https:\/\/ufmass.eu\/index.php\/2024\/12\/13\/congres-sfsp-2025-sante-mentale-publique\/","title":{"rendered":"Congr\u00e8s SFSP 2025 &#8211; Sant\u00e9 mentale publique"},"content":{"rendered":"\n<figure class=\"wp-block-image size-large\"><img loading=\"lazy\" decoding=\"async\" width=\"1024\" height=\"301\" src=\"http:\/\/ufmass.eu\/wp-content\/uploads\/2024\/12\/image-1024x301.png\" alt=\"\" class=\"wp-image-459\" srcset=\"https:\/\/ufmass.eu\/wp-content\/uploads\/2024\/12\/image-1024x301.png 1024w, https:\/\/ufmass.eu\/wp-content\/uploads\/2024\/12\/image-300x88.png 300w, https:\/\/ufmass.eu\/wp-content\/uploads\/2024\/12\/image-768x226.png 768w, https:\/\/ufmass.eu\/wp-content\/uploads\/2024\/12\/image.png 1100w\" sizes=\"auto, (max-width: 1024px) 100vw, 1024px\" \/><\/figure>\n\n\n\n<figure class=\"wp-block-table\"><table class=\"has-fixed-layout\"><tbody><tr><td class=\"has-text-align-center\" data-align=\"center\">\ud83d\udd34\ud83d\udce2 Dans le cadre de son prochain congr\u00e8s qui se tiendra \u00e0 <strong>Lille Grand Palais du 5 au 7 novembre 2025<\/strong>, la SFSP lance un appel \u00e0 communications.<br><br><a href=\"https:\/\/www.congres.sfsp.fr\/\">https:\/\/www.congres.sfsp.fr\/<\/a><br><br>\u00a0 \ud83d\udcc5<strong> Ouverture des soumissions du 16 d\u00e9cembre 2024 au 7 f\u00e9vrier 2025<\/strong><br>!<strong> Report de cl\u00f4ture au 2 mars 2025 <\/strong>!<br><br>Ce Congr\u00e8s est organis\u00e9 par la SFSP avec le Centre collaborateur de l&#8217;OMS pour la recherche et la formation en sant\u00e9 mentale. <strong>La th\u00e9matique centrale du congr\u00e8s sera la \u00ab sant\u00e9 mentale publique \u00bb<\/strong>.<br><br><br>NOUVEAUT\u00c9 En 2025, au-del\u00e0 des propositions de communication orale et de communication affich\u00e9e, saisissez de nouveaux formats de contribution :<br>\u2714\ufe0f Symposium<br>\u2714\ufe0f Atelier<br>\u2714\ufe0f D\u00e9couverte \u00ab Concept, approche, outil et m\u00e9thode \u00bb<br><br>\u00a0 Un guide d\u2019aide \u00e0 la r\u00e9daction et \u00e0 la soumission des r\u00e9sum\u00e9s est disponible en ligne.<br><br><strong>Lien de l&#8217;appel \u00e0 communications<\/strong> :<br><a href=\"https:\/\/www.congres.sfsp.fr\/wp-content\/uploads\/2024\/12\/AAC_CongresSFSP2025.pdf\">https:\/\/www.congres.sfsp.fr\/wp-content\/uploads\/2024\/12\/AAC_CongresSFSP2025.pdf<\/a><br><\/td><\/tr><\/tbody><\/table><\/figure>\n\n\n\n<p><\/p>\n","protected":false},"excerpt":{"rendered":"<p>\ud83d\udd34\ud83d\udce2 Dans le cadre de son prochain congr\u00e8s qui se tiendra \u00e0 Lille Grand Palais du 5 au 7 novembre 2025, la SFSP lance un appel \u00e0 communications. https:\/\/www.congres.sfsp.fr\/ \u00a0 \ud83d\udcc5 Ouverture des soumissions du 16 d\u00e9cembre 2024 au 7&#8230; <a href=\"https:\/\/ufmass.eu\/index.php\/2024\/12\/13\/congres-sfsp-2025-sante-mentale-publique\/\" class=\"readmore\">Read more<span class=\"screen-reader-text\">Congr\u00e8s SFSP 2025 &#8211; Sant\u00e9 mentale publique<\/span><span class=\"fa fa-angle-double-right\" aria-hidden=\"true\"><\/span><\/a><\/p>\n","protected":false},"author":1,"featured_media":0,"comment_status":"open","ping_status":"open","sticky":false,"template":"","format":"standard","meta":{"footnotes":""},"categories":[11],"tags":[],"class_list":["post-458","post","type-post","status-publish","format-standard","hentry","category-appels-a-communication","content-layout-excerpt-thumb"],"_links":{"self":[{"href":"https:\/\/ufmass.eu\/index.php\/wp-json\/wp\/v2\/posts\/458","targetHints":{"allow":["GET"]}}],"collection":[{"href":"https:\/\/ufmass.eu\/index.php\/wp-json\/wp\/v2\/posts"}],"about":[{"href":"https:\/\/ufmass.eu\/index.php\/wp-json\/wp\/v2\/types\/post"}],"author":[{"embeddable":true,"href":"https:\/\/ufmass.eu\/index.php\/wp-json\/wp\/v2\/users\/1"}],"replies":[{"embeddable":true,"href":"https:\/\/ufmass.eu\/index.php\/wp-json\/wp\/v2\/comments?post=458"}],"version-history":[{"count":3,"href":"https:\/\/ufmass.eu\/index.php\/wp-json\/wp\/v2\/posts\/458\/revisions"}],"predecessor-version":[{"id":495,"href":"https:\/\/ufmass.eu\/index.php\/wp-json\/wp\/v2\/posts\/458\/revisions\/495"}],"wp:attachment":[{"href":"https:\/\/ufmass.eu\/index.php\/wp-json\/wp\/v2\/media?parent=458"}],"wp:term":[{"taxonomy":"category","embeddable":true,"href":"https:\/\/ufmass.eu\/index.php\/wp-json\/wp\/v2\/categories?post=458"},{"taxonomy":"post_tag","embeddable":true,"href":"https:\/\/ufmass.eu\/index.php\/wp-json\/wp\/v2\/tags?post=458"}],"curies":[{"name":"wp","href":"https:\/\/api.w.org\/{rel}","templated":true}]}}